{"id":538,"date":"2026-04-28T08:34:37","date_gmt":"2026-04-28T06:34:37","guid":{"rendered":"https:\/\/www.avis-paysagiste.fr\/actu\/chenilles-processionnaires-vos-obligations-pour-proteger-les-animaux-du-quartier\/"},"modified":"2026-04-28T08:34:37","modified_gmt":"2026-04-28T06:34:37","slug":"chenilles-processionnaires-vos-obligations-pour-proteger-les-animaux-du-quartier","status":"publish","type":"post","link":"https:\/\/www.avis-paysagiste.fr\/actu\/chenilles-processionnaires-vos-obligations-pour-proteger-les-animaux-du-quartier\/","title":{"rendered":"Chenilles processionnaires : vos obligations pour prot\u00e9ger les animaux du quartier."},"content":{"rendered":"<p>Face \u00e0 la prolif\u00e9ration des chenilles processionnaires, la protection des animaux de compagnie et de la faune locale devient une priorit\u00e9. Leurs poils urticants repr\u00e9sentent un danger mortel pour les chiens, chats et autres animaux curieux. Si le cadre r\u00e9glementaire national existe depuis 2022, ce sont surtout les arr\u00eat\u00e9s locaux qui dictent vos obligations en tant que propri\u00e9taire ou locataire. Comprendre qui doit faire quoi et comment agir est essentiel pour garantir la s\u00e9curit\u00e9 de tous.<\/p>\n\n<h3 class=\"wp-block-heading\">En bref<\/h3>\n\n<ul class=\"wp-block-list\"><li><strong>Cadre national :<\/strong> Depuis le d\u00e9cret n\u00b02022-686, les chenilles processionnaires sont reconnues comme nuisibles \u00e0 la sant\u00e9 humaine, mais cela n&rsquo;impose pas une lutte g\u00e9n\u00e9ralis\u00e9e.<\/li><li><strong>R\u00e9glementation locale :<\/strong> L&rsquo;obligation d&rsquo;agir d\u00e9pend des <strong>arr\u00eat\u00e9s pr\u00e9fectoraux ou municipaux<\/strong>. Renseignez-vous aupr\u00e8s de votre mairie pour conna\u00eetre les r\u00e8gles en vigueur chez vous.<\/li><li><strong>Responsabilit\u00e9 partag\u00e9e :<\/strong> L&rsquo;entretien courant, comme l&rsquo;\u00e9chenillage simple, incombe g\u00e9n\u00e9ralement au locataire. Les traitements lourds sont \u00e0 la charge du propri\u00e9taire.<\/li><li><strong>Danger pour les animaux :<\/strong> Le contact peut provoquer des n\u00e9croses de la langue, des chocs anaphylactiques et de graves troubles respiratoires, constituant une urgence v\u00e9t\u00e9rinaire absolue.<\/li><li><strong>Qui contacter :<\/strong> Signalez toute pr\u00e9sence sur l&rsquo;espace public \u00e0 votre mairie. Pour votre propri\u00e9t\u00e9, faites appel \u00e0 un professionnel certifi\u00e9.<\/li><\/ul>\n\n<h2 class=\"wp-block-heading\">Comprenez le cadre l\u00e9gal pour mieux agir<\/h2>\n\n<p>La lutte contre les <strong>chenilles processionnaires<\/strong> est souvent per\u00e7ue comme un casse-t\u00eate juridique. Pourtant, les r\u00e8gles sont plus claires qu&rsquo;il n&rsquo;y para\u00eet. La premi\u00e8re chose \u00e0 savoir est qu&rsquo;il n&rsquo;existe pas une unique loi nationale imposant \u00e0 tous les Fran\u00e7ais d&rsquo;\u00e9radiquer les nids. Le <strong>d\u00e9cret n\u00b02022-686<\/strong> a cependant pos\u00e9 une base cruciale : il classe officiellement ces insectes comme \u00ab\u00a0nuisibles \u00e0 la sant\u00e9 humaine\u00a0\u00bb.<\/p>\n\n<p>Cette reconnaissance n&rsquo;est pas anodine. Elle donne le pouvoir aux pr\u00e9fets et aux maires d&rsquo;agir concr\u00e8tement. Ce sont eux qui, au niveau local, peuvent rendre la <strong>gestion chenilles<\/strong> obligatoire via des arr\u00eat\u00e9s. Ces textes pr\u00e9cisent les zones concern\u00e9es, les m\u00e9thodes \u00e0 employer et les d\u00e9lais \u00e0 respecter, par exemple la destruction des nids avant la mi-mars. Votre premi\u00e8re action doit donc \u00eatre de vous renseigner sur l&rsquo;existence d&rsquo;un tel arr\u00eat\u00e9 dans votre commune ou votre d\u00e9partement.<\/p>\n\n<h3 class=\"wp-block-heading\">Distinguez vos devoirs de propri\u00e9taire et de locataire<\/h3>\n\n<p>Une fois l&rsquo;infestation constat\u00e9e, la question \u00ab\u00a0qui paie ?\u00a0\u00bb se pose in\u00e9vitablement. La r\u00e9ponse se trouve dans la nature de l&rsquo;intervention. Selon le <strong>d\u00e9cret n\u00b087-712 sur les r\u00e9parations locatives<\/strong>, l&rsquo;entretien courant du jardin est \u00e0 la charge du locataire. Cela inclut des actions simples comme l&rsquo;\u00e9chenillage (retrait m\u00e9canique des nids accessibles) ou la pose de pi\u00e8ges.<\/p>\n\n<p>En revanche, si la situation exige des moyens plus lourds, comme l&rsquo;intervention d&rsquo;une entreprise sp\u00e9cialis\u00e9e avec une nacelle ou un traitement phytosanitaire complet, ces frais rel\u00e8vent du propri\u00e9taire. Il est dans son int\u00e9r\u00eat de pr\u00e9server la salubrit\u00e9 de son bien. La communication reste la cl\u00e9 : d\u00e8s les premiers signes, locataire et propri\u00e9taire doivent \u00e9changer pour d\u00e9cider de la meilleure strat\u00e9gie et de la r\u00e9partition des co\u00fbts, surtout si un arr\u00eat\u00e9 municipal impose des mesures sp\u00e9cifiques de <strong>pr\u00e9vention infestation<\/strong>.<\/p>\n\n<h2 class=\"wp-block-heading\">Identifiez les risques r\u00e9els pour les animaux<\/h2>\n\n<p>Au-del\u00e0 des <strong>obligations l\u00e9gales<\/strong>, c&rsquo;est la <strong>sant\u00e9 animale<\/strong> qui motive une action rapide. Pour un chien ou un chat, une rencontre avec des chenilles processionnaires peut \u00eatre dramatique. Le danger ne vient pas de l&rsquo;insecte lui-m\u00eame, mais de ses milliers de poils urticants microscopiques qu&rsquo;il lib\u00e8re dans l&rsquo;air ou au contact.<\/p>\n\n<p>Un animal curieux qui l\u00e8che ou renifle une file de chenilles s&rsquo;expose \u00e0 des cons\u00e9quences terribles. Les sympt\u00f4mes ne se font pas attendre et constituent une urgence vitale. La <strong>protection animale<\/strong> passe par la reconnaissance de ces signes avant-coureurs :<\/p>\n\n<ul class=\"wp-block-list\"><li><strong>Salivation excessive et bave \u00e9paisse.<\/strong><\/li><li><strong>Gonflement rapide des babines et de la face.<\/strong><\/li><li><strong>Langue qui devient rouge, enfl\u00e9e, puis violac\u00e9e.<\/strong><\/li><li><strong>Difficult\u00e9s \u00e0 respirer ou \u00e0 d\u00e9glutir.<\/strong><\/li><li><strong>Vomissements ou abattement soudain.<\/strong><\/li><\/ul>\n\n<p>Sans une intervention v\u00e9t\u00e9rinaire imm\u00e9diate, le contact peut entra\u00eener une n\u00e9crose de la langue (qui peut tomber en partie) ou un choc anaphylactique fatal. La vigilance est donc de mise lors des promenades, particuli\u00e8rement de f\u00e9vrier \u00e0 mai.<\/p>\n\n<h3 class=\"wp-block-heading\">Adoptez les bons gestes de pr\u00e9vention et de gestion<\/h3>\n\n<p>Pour garantir la <strong>s\u00e9curit\u00e9 des animaux<\/strong>, mieux vaut pr\u00e9venir que gu\u00e9rir. La lutte s&rsquo;organise en plusieurs \u00e9tapes, selon la saison. D\u00e8s la fin de l&rsquo;\u00e9t\u00e9 et \u00e0 l&rsquo;automne, l&rsquo;application d&rsquo;un traitement biologique \u00e0 base de <strong>Bacillus thuringiensis<\/strong> sur les arbres infest\u00e9s peut \u00e9liminer les jeunes larves sans nuire \u00e0 la <strong>pr\u00e9servation biodiversit\u00e9<\/strong>.<\/p>\n\n<p>En hiver, lorsque les nids blancs et soyeux sont bien visibles dans les pins, l&rsquo;\u00e9chenillage est la m\u00e9thode la plus directe. Il consiste \u00e0 couper et \u00e0 br\u00fbler les branches porteuses de nids. Cette op\u00e9ration doit \u00eatre r\u00e9alis\u00e9e par des professionnels \u00e9quip\u00e9s pour \u00e9viter tout contact avec les poils. Enfin, au d\u00e9but du printemps, avant que les chenilles ne descendent en procession, l&rsquo;installation d&rsquo;\u00e9copi\u00e8ges autour des troncs permet de les capturer massivement.<\/p>\n\n<h2 class=\"wp-block-heading\">Sachez qui contacter en cas d&rsquo;infestation<\/h2>\n\n<p>Vous avez rep\u00e9r\u00e9 des nids ? Votre r\u00e9action doit d\u00e9pendre de leur emplacement. Si l&rsquo;infestation se trouve sur un espace public (parc, square, bord de route, cour d&rsquo;\u00e9cole), le premier r\u00e9flexe est de contacter votre mairie. C&rsquo;est elle qui est responsable de la s\u00e9curit\u00e9 dans l&rsquo;<strong>environnement urbain<\/strong> et qui doit prendre les mesures n\u00e9cessaires.<\/p>\n\n<p>Si les nids sont sur votre propri\u00e9t\u00e9, ne prenez pas de risques inutiles. Tenter de vous en d\u00e9barrasser sans protection ad\u00e9quate est dangereux pour vous et peut disperser les poils urticants, aggravant les <strong>risques pour les animaux<\/strong>. La solution la plus s\u00fbre est de faire appel \u00e0 un expert. Un paysagiste ou une entreprise sp\u00e9cialis\u00e9e poss\u00e8de l&rsquo;\u00e9quipement et le savoir-faire pour une intervention efficace et s\u00e9curis\u00e9e. <strong>Ne laissez pas cette menace mettre en p\u00e9ril la sant\u00e9 de vos compagnons, agissez en faisant appel \u00e0 un professionnel qualifi\u00e9 pour retrouver la s\u00e9r\u00e9nit\u00e9.<\/strong><\/p>\n\n","protected":false},"excerpt":{"rendered":"<p>Face \u00e0 la prolif\u00e9ration des chenilles processionnaires, la protection des animaux de compagnie et de la faune locale devient une [&hellip;]<\/p>\n","protected":false},"author":1,"featured_media":537,"comment_status":"open","ping_status":"open","sticky":false,"template":"","format":"standard","meta":{"site-sidebar-layout":"default","site-content-layout":"","ast-site-content-layout":"default","site-content-style":"default","site-sidebar-style":"default","ast-global-header-display":"","ast-banner-title-visibility":"","ast-main-header-display":"","ast-hfb-above-header-display":"","ast-hfb-below-header-display":"","ast-hfb-mobile-header-display":"","site-post-title":"","ast-breadcrumbs-content":"","ast-featured-img":"","footer-sml-layout":"","ast-disable-related-posts":"","theme-transparent-header-meta":"","adv-header-id-meta":"","stick-header-meta":"","header-above-stick-meta":"","header-main-stick-meta":"","header-below-stick-meta":"","astra-migrate-meta-layouts":"default","ast-page-background-enabled":"default","ast-page-background-meta":{"desktop":{"background-color":"var(--ast-global-color-5)","background-image":"","background-repeat":"repeat","background-position":"center center","background-size":"auto","background-attachment":"scroll","background-type":"","background-media":"","overlay-type":"","overlay-color":"","overlay-opacity":"","overlay-gradient":""},"tablet":{"background-color":"","background-image":"","background-repeat":"repeat","background-position":"center center","background-size":"auto","background-attachment":"scroll","background-type":"","background-media":"","overlay-type":"","overlay-color":"","overlay-opacity":"","overlay-gradient":""},"mobile":{"background-color":"","background-image":"","background-repeat":"repeat","background-position":"center center","background-size":"auto","background-attachment":"scroll","background-type":"","background-media":"","overlay-type":"","overlay-color":"","overlay-opacity":"","overlay-gradient":""}},"ast-content-background-meta":{"desktop":{"background-color":"var(--ast-global-color-4)","background-image":"","background-repeat":"repeat","background-position":"center center","background-size":"auto","background-attachment":"scroll","background-type":"","background-media":"","overlay-type":"","overlay-color":"","overlay-opacity":"","overlay-gradient":""},"tablet":{"background-color":"var(--ast-global-color-4)","background-image":"","background-repeat":"repeat","background-position":"center center","background-size":"auto","background-attachment":"scroll","background-type":"","background-media":"","overlay-type":"","overlay-color":"","overlay-opacity":"","overlay-gradient":""},"mobile":{"background-color":"var(--ast-global-color-4)","background-image":"","background-repeat":"repeat","background-position":"center center","background-size":"auto","background-attachment":"scroll","background-type":"","background-media":"","overlay-type":"","overlay-color":"","overlay-opacity":"","overlay-gradient":""}},"footnotes":""},"categories":[17],"tags":[],"class_list":["post-538","post","type-post","status-publish","format-standard","has-post-thumbnail","hentry","category-entretiens-jardin"],"_links":{"self":[{"href":"https:\/\/www.avis-paysagiste.fr\/actu\/wp-json\/wp\/v2\/posts\/538","targetHints":{"allow":["GET"]}}],"collection":[{"href":"https:\/\/www.avis-paysagiste.fr\/actu\/wp-json\/wp\/v2\/posts"}],"about":[{"href":"https:\/\/www.avis-paysagiste.fr\/actu\/wp-json\/wp\/v2\/types\/post"}],"author":[{"embeddable":true,"href":"https:\/\/www.avis-paysagiste.fr\/actu\/wp-json\/wp\/v2\/users\/1"}],"replies":[{"embeddable":true,"href":"https:\/\/www.avis-paysagiste.fr\/actu\/wp-json\/wp\/v2\/comments?post=538"}],"version-history":[{"count":0,"href":"https:\/\/www.avis-paysagiste.fr\/actu\/wp-json\/wp\/v2\/posts\/538\/revisions"}],"wp:featuredmedia":[{"embeddable":true,"href":"https:\/\/www.avis-paysagiste.fr\/actu\/wp-json\/wp\/v2\/media\/537"}],"wp:attachment":[{"href":"https:\/\/www.avis-paysagiste.fr\/actu\/wp-json\/wp\/v2\/media?parent=538"}],"wp:term":[{"taxonomy":"category","embeddable":true,"href":"https:\/\/www.avis-paysagiste.fr\/actu\/wp-json\/wp\/v2\/categories?post=538"},{"taxonomy":"post_tag","embeddable":true,"href":"https:\/\/www.avis-paysagiste.fr\/actu\/wp-json\/wp\/v2\/tags?post=538"}],"curies":[{"name":"wp","href":"https:\/\/api.w.org\/{rel}","templated":true}]}}